{"@context":"https:\/\/schema.org\/","@type":"CollectionPage","@id":"https:\/\/www.volhejn.cz\/zdravi\/#CollectionPage","headline":"Zdrav\u00ed Category","description":"","url":"https:\/\/www.volhejn.cz\/zdravi\/","hasPart":[{"@type":"Article","@id":"https:\/\/www.volhejn.cz\/relax-pro-telo\/","headline":"Relax pro t\u011blo","url":"https:\/\/www.volhejn.cz\/relax-pro-telo\/","datePublished":"2022-04-26","dateModified":"2022-04-26","mainEntityOfPage":"https:\/\/www.volhejn.cz\/relax-pro-telo\/","author":{"@type":"Person","@id":"https:\/\/www.volhejn.cz\/author\/#Person","name":"","url":"https:\/\/www.volhejn.cz\/author\/","identifier":1,"image":{"@type":"ImageObject","@id":"https:\/\/secure.gravatar.com\/avatar\/383247cd769f7ac317a5bcda943ec48a3c79d996598ae4564ec21a0e178126d1?s=96&d=mm&r=g","url":"https:\/\/secure.gravatar.com\/avatar\/383247cd769f7ac317a5bcda943ec48a3c79d996598ae4564ec21a0e178126d1?s=96&d=mm&r=g","height":96,"width":96}},"publisher":{"@type":"Organization","name":"volhejn.cz","logo":{"@type":"ImageObject","@id":"\/logo.png","url":"\/logo.png","width":600,"height":60}},"image":{"@type":"ImageObject","@id":"https:\/\/www.volhejn.cz\/wp-content\/uploads\/v%C3%BDhled_1.jpg","url":"https:\/\/www.volhejn.cz\/wp-content\/uploads\/v%C3%BDhled_1.jpg","height":0,"width":0},"keywords":null},{"@type":"Article","@id":"https:\/\/www.volhejn.cz\/hubnuti-nemusi-znamenat-neprijemne-omezovani-se\/","headline":"Hubnut\u00ed nemus\u00ed znamenat nep\u0159\u00edjemn\u00e9 omezov\u00e1n\u00ed se","url":"https:\/\/www.volhejn.cz\/hubnuti-nemusi-znamenat-neprijemne-omezovani-se\/","datePublished":"2018-10-10","dateModified":"2024-06-17","mainEntityOfPage":"https:\/\/www.volhejn.cz\/hubnuti-nemusi-znamenat-neprijemne-omezovani-se\/","author":{"@type":"Person","@id":"https:\/\/www.volhejn.cz\/author\/#Person","name":"","url":"https:\/\/www.volhejn.cz\/author\/","identifier":1,"image":{"@type":"ImageObject","@id":"https:\/\/secure.gravatar.com\/avatar\/383247cd769f7ac317a5bcda943ec48a3c79d996598ae4564ec21a0e178126d1?s=96&d=mm&r=g","url":"https:\/\/secure.gravatar.com\/avatar\/383247cd769f7ac317a5bcda943ec48a3c79d996598ae4564ec21a0e178126d1?s=96&d=mm&r=g","height":96,"width":96}},"publisher":{"@type":"Organization","name":"volhejn.cz","logo":{"@type":"ImageObject","@id":"\/logo.png","url":"\/logo.png","width":600,"height":60}},"image":{"@type":"ImageObject","@id":"https:\/\/www.volhejn.cz\/wp-content\/uploads\/img_a331950_w1714_t1544444363.jpg","url":"https:\/\/www.volhejn.cz\/wp-content\/uploads\/img_a331950_w1714_t1544444363.jpg","height":0,"width":0},"keywords":null},{"@type":"Article","@id":"https:\/\/www.volhejn.cz\/kazdy-by-se-mel-umet-dobre-obleknout\/","headline":"Ka\u017ed\u00fd by se m\u011bl um\u011bt dob\u0159e obl\u00e9knout","url":"https:\/\/www.volhejn.cz\/kazdy-by-se-mel-umet-dobre-obleknout\/","datePublished":"2018-09-12","dateModified":"2023-05-03","mainEntityOfPage":"https:\/\/www.volhejn.cz\/kazdy-by-se-mel-umet-dobre-obleknout\/","author":{"@type":"Person","@id":"https:\/\/www.volhejn.cz\/author\/#Person","name":"","url":"https:\/\/www.volhejn.cz\/author\/","identifier":1,"image":{"@type":"ImageObject","@id":"https:\/\/secure.gravatar.com\/avatar\/383247cd769f7ac317a5bcda943ec48a3c79d996598ae4564ec21a0e178126d1?s=96&d=mm&r=g","url":"https:\/\/secure.gravatar.com\/avatar\/383247cd769f7ac317a5bcda943ec48a3c79d996598ae4564ec21a0e178126d1?s=96&d=mm&r=g","height":96,"width":96}},"publisher":{"@type":"Organization","name":"volhejn.cz","logo":{"@type":"ImageObject","@id":"\/logo.png","url":"\/logo.png","width":600,"height":60}},"image":{"@type":"ImageObject","@id":"https:\/\/www.volhejn.cz\/wp-content\/uploads\/img_a325344_w2596_t1537212363.jpg","url":"https:\/\/www.volhejn.cz\/wp-content\/uploads\/img_a325344_w2596_t1537212363.jpg","height":0,"width":0},"keywords":null},{"@type":"Article","@id":"https:\/\/www.volhejn.cz\/povyskocit-si-s-detmi-na-vlastni-zahrade\/","headline":"Povysko\u010dit si s d\u011btmi na vlastn\u00ed zahrad\u011b","url":"https:\/\/www.volhejn.cz\/povyskocit-si-s-detmi-na-vlastni-zahrade\/","datePublished":"2017-10-26","dateModified":"2023-05-03","mainEntityOfPage":"https:\/\/www.volhejn.cz\/povyskocit-si-s-detmi-na-vlastni-zahrade\/","author":{"@type":"Person","@id":"https:\/\/www.volhejn.cz\/author\/#Person","name":"","url":"https:\/\/www.volhejn.cz\/author\/","identifier":1,"image":{"@type":"ImageObject","@id":"https:\/\/secure.gravatar.com\/avatar\/383247cd769f7ac317a5bcda943ec48a3c79d996598ae4564ec21a0e178126d1?s=96&d=mm&r=g","url":"https:\/\/secure.gravatar.com\/avatar\/383247cd769f7ac317a5bcda943ec48a3c79d996598ae4564ec21a0e178126d1?s=96&d=mm&r=g","height":96,"width":96}},"publisher":{"@type":"Organization","name":"volhejn.cz","logo":{"@type":"ImageObject","@id":"\/logo.png","url":"\/logo.png","width":600,"height":60}},"image":{"@type":"ImageObject","@id":"https:\/\/www.volhejn.cz\/wp-content\/uploads\/img_a302747_w2172_t1512657334.jpg","url":"https:\/\/www.volhejn.cz\/wp-content\/uploads\/img_a302747_w2172_t1512657334.jpg","height":0,"width":0},"keywords":null}]}