[{"@context":"https:\/\/schema.org\/","@type":"Article","@id":"https:\/\/www.volhejn.cz\/portugalsko-krasna-zeme\/#Article","mainEntityOfPage":"https:\/\/www.volhejn.cz\/portugalsko-krasna-zeme\/","headline":"Portugalsko, kr\u00e1sn\u00e1 zem\u011b","name":"Portugalsko, kr\u00e1sn\u00e1 zem\u011b","description":"V Portugalsku je \u00fa\u0159edn\u00ed jazyk portugal\u0161tina, kter\u00fd se pom\u011brn\u011b podob\u00e1 pr\u00e1v\u011b \u0161pan\u011bl\u0161tin\u011b a Portugalsko pr\u00e1v\u011b soused\u00ed jen se \u0160pan\u011blskem. Plat\u00ed se zde EUREM, co\u017e je pohoda. Portugalsko je jeden z nejstar\u0161\u00edch n\u00e1rod\u016f v Evrop\u011b. Hlavn\u00ed m\u011bsto Lisabon, kter\u00fdm prot\u00e9k\u00e1 \u0159eka Tejo, m\u00e1 [&hellip;]","datePublished":"2021-09-26","dateModified":"2023-05-03","author":{"@type":"Person","@id":"https:\/\/www.volhejn.cz\/author\/#Person","name":"","url":"https:\/\/www.volhejn.cz\/author\/","identifier":1,"image":{"@type":"ImageObject","@id":"https:\/\/secure.gravatar.com\/avatar\/383247cd769f7ac317a5bcda943ec48a3c79d996598ae4564ec21a0e178126d1?s=96&d=mm&r=g","url":"https:\/\/secure.gravatar.com\/avatar\/383247cd769f7ac317a5bcda943ec48a3c79d996598ae4564ec21a0e178126d1?s=96&d=mm&r=g","height":96,"width":96}},"publisher":{"@type":"Organization","name":"volhejn.cz","logo":{"@type":"ImageObject","@id":"\/logo.png","url":"\/logo.png","width":600,"height":60}},"image":{"@type":"ImageObject","@id":"https:\/\/www.volhejn.cz\/wp-content\/uploads\/Opera%20Sn%C3%ADmek_2022-07-22_144002_www.elle.cz.png","url":"https:\/\/www.volhejn.cz\/wp-content\/uploads\/Opera%20Sn%C3%ADmek_2022-07-22_144002_www.elle.cz.png","height":0,"width":0},"url":"https:\/\/www.volhejn.cz\/portugalsko-krasna-zeme\/","about":["Cestov\u00e1n\u00ed\r"],"wordCount":541,"articleBody":"V Portugalsku je \u00fa\u0159edn\u00ed jazyk portugal\u0161tina, kter\u00fd se pom\u011brn\u011b podob\u00e1 pr\u00e1v\u011b \u0161pan\u011bl\u0161tin\u011b a Portugalsko pr\u00e1v\u011b soused\u00ed jen se \u0160pan\u011blskem. Plat\u00ed se zde EUREM, co\u017e je pohoda. Portugalsko je jeden z nejstar\u0161\u00edch n\u00e1rod\u016f v Evrop\u011b. Hlavn\u00ed m\u011bsto Lisabon, kter\u00fdm prot\u00e9k\u00e1 \u0159eka Tejo, m\u00e1 plno kr\u00e1sn\u00fdch pam\u00e1tek jako t\u0159eba Kl\u00e1\u0161ter sv. Jeron\u00fdma, Betl\u00e9mskou v\u011b\u017e. Oboje pat\u0159\u00ed do pam\u00e1tek UNESCO. Za zm\u00ednku tak\u00e9 stoj\u00ed diamantov\u00fd d\u016fm a nebo kostel sv. Ji\u0159\u00ed, z kter\u00e9ho se v\u00e1m pr\u00e1v\u011b naskytne n\u00e1dhern\u00fd v\u00fdhled na \u0159eku Tejo. Portugalsko je tak\u00e9 zem\u011b tramvaj\u00ed a ve velk\u00fdch m\u011bstech jezd\u00ed i historick\u00e9 tramvaje, tak\u017ee je fajn, kdy\u017e se pr\u00e1v\u011b v Lisabonu n\u011bjakou z nich projedete.\u00a0Ur\u010dit\u011b za zm\u00ednku stoj\u00ed pod\u00edvat se na most Vasco de Gama, jedn\u00e1 se toti\u017e o druh\u00fd nejdel\u0161\u00ed most v Evrop\u011b. Ve m\u011bst\u011b Porto, co\u017e je druh\u00e9 nejv\u011bt\u0161\u00ed m\u011bsto a jak s\u00e1m n\u00e1zev napov\u00edd\u00e1, nach\u00e1z\u00ed se p\u0159\u00edmo u mo\u0159e, m\u016f\u017eete nav\u0161t\u00edvit Katedr\u00e1lu S\u00e9 a Episkop\u00e1ln\u00ed pal\u00e1c. Ano m\u011bsto s \u00fazk\u00fdmi uli\u010dkami, starod\u00e1vn\u00fdmi domy a spousty barevn\u00fdch kachli\u010dek. Tak\u00e9 zn\u00e1m\u00e9 portsk\u00e9 v\u00edno. Centrum tohoto m\u011bsta je od roku 1996 na seznamu UNESCO. Porto bylo v 9. stolet\u00ed hlavn\u00edm m\u011bstem Portugalska, ale od 14. stolet\u00ed se hlavn\u00edm m\u011bstem stal pr\u00e1v\u011b Lisabon. Ve m\u011bst\u011b se nach\u00e1z\u00ed kr\u00e1sn\u00fd most Ponte de Dom Luis I, pod mostem prot\u00e9k\u00e1 \u0159eka Doumo. Z mostu ur\u010dit\u011b nep\u0159ehl\u00e9dnete p\u011bkn\u00fd rozkvetl\u00fd park Jardim du Morro. V Portu se tak\u00e9 nach\u00e1z\u00ed nejstar\u0161\u00ed knihkupectv\u00ed na sv\u011bt\u011b. Jmenuje se Livraria Lello a bylo zalo\u017een\u00e9 v roce 1906. Jedn\u00e1 se o n\u00e1dhern\u00fd d\u016fm pln\u00fd kr\u00e1sn\u00fdch knih nejr\u016fzn\u011bj\u0161\u00edch titul\u016f a \u017e\u00e1nr\u016f.Fas\u00e1da je v neogotick\u00e9m stylu a d\u016fm m\u00e1 secesn\u00ed interi\u00e9r, nach\u00e1z\u00ed se zde n\u00e1dhern\u00e1 schodi\u0161t\u011b. D\u016fm navrhl Xavier Esteves a o malovan\u00e9 postavy v\u011bdy a um\u011bn\u00ed se postaral Jos\u00e9 Bielman. Pokud milujete p\u0159\u00edrodu a hory, ur\u010dit\u011b nav\u0161tivte Azorsk\u00e9 ostrovy, kde tak\u00e9 naleznete nejvy\u0161\u0161\u00ed horu Portugalska Pontu de Pico. Najdete ji pr\u00e1v\u011b na ostrov\u011b Pico. Azory najdete asi 1 500 km od Lisabonu. Azory se skl\u00e1daj\u00ed z dev\u00edti ostrov\u016f sope\u010dn\u00e9ho p\u016fvodu, jsou exotick\u00e9, p\u011bkn\u00e9. Nach\u00e1z\u00ed se zde M\u011bsto Angra, kter\u00e9 je na seznamu UNESCO, ji\u017e zmi\u0148ovan\u00e1 nejvy\u0161\u0161\u00ed hora Portugalska, na ostrov\u011b Pico krom\u011b nejvy\u0161\u0161\u00ed hory m\u016f\u017eete nav\u0161t\u00edvit i vina\u0159skou oblast. Zn\u00e1m\u00fdm &#8222;dort\u00edkem&#8220; je Past\u00e9is de Nata, co\u017e znamen\u00e1 T\u011blo bo\u017e\u00ed, Jsou to pudinkov\u00e9 boch\u00e1nky a koup\u00edte je snad v\u0161ude.\u00a0Portugalsk\u00e9 pl\u00e1\u017ee jsou p\u0159\u00edjemn\u00e9 a p\u00eds\u010dit\u00e9, zalit\u00e9 sluncem, om\u00fdvaj\u00ed ho modr\u00e9 a pr\u016fzra\u010dn\u00e9 vlny Atlantiku. Na pob\u0159e\u017e\u00ed najdete i sk\u00e1ly z v\u00e1pence. Portugalsko je kr\u00e1sn\u00e9. P\u011bkn\u00e1 p\u0159\u00edroda, n\u011bkter\u00fdmi m\u00edsty a\u017e exotick\u00e9, kr\u00e1sn\u00e1 architektura a nekone\u010dn\u00e9 p\u00eds\u010dit\u00e9 proslun\u011bn\u00e9 pl\u00e1\u017ee.                                                                                                                                                                                                                                                                                                                                                                                        4.3\/5 - (12 votes)        "},{"@context":"https:\/\/schema.org\/","@type":"BreadcrumbList","itemListElement":[{"@type":"ListItem","position":1,"name":"Portugalsko, kr\u00e1sn\u00e1 zem\u011b","item":"https:\/\/www.volhejn.cz\/portugalsko-krasna-zeme\/#breadcrumbitem"}]}]