[{"@context":"https:\/\/schema.org\/","@type":"Article","@id":"https:\/\/www.volhejn.cz\/kdy-do-duchodu\/#Article","mainEntityOfPage":"https:\/\/www.volhejn.cz\/kdy-do-duchodu\/","headline":"Kdy do d\u016fchodu","name":"Kdy do d\u016fchodu","description":"Zaj\u00edm\u00e1 v\u00e1s kdy do d\u016fchodu? Tato ot\u00e1zka zaj\u00edm\u00e1 v\u00e1s a dal\u0161\u00edch n\u011bkolik tis\u00edc lid\u00ed, proto\u017ee ka\u017ed\u00fd m\u00e1 v sou\u010dasn\u00e9 dob\u011b plnou hlavu t\u00e9to ot\u00e1zky. Je to t\u00edm, \u017ee je to velice d\u016fle\u017eit\u00e9 t\u00e9ma, na kter\u00e9 pot\u0159ebujete zn\u00e1t odpov\u011bdi mnohem d\u0159\u00edve, ne\u017e se [&hellip;]","datePublished":"2024-11-09","dateModified":"2024-11-09","author":{"@type":"Person","@id":"https:\/\/www.volhejn.cz\/author\/#Person","name":"","url":"https:\/\/www.volhejn.cz\/author\/","identifier":1,"image":{"@type":"ImageObject","@id":"https:\/\/secure.gravatar.com\/avatar\/383247cd769f7ac317a5bcda943ec48a3c79d996598ae4564ec21a0e178126d1?s=96&d=mm&r=g","url":"https:\/\/secure.gravatar.com\/avatar\/383247cd769f7ac317a5bcda943ec48a3c79d996598ae4564ec21a0e178126d1?s=96&d=mm&r=g","height":96,"width":96}},"publisher":{"@type":"Organization","name":"volhejn.cz","logo":{"@type":"ImageObject","@id":"\/logo.png","url":"\/logo.png","width":600,"height":60}},"url":"https:\/\/www.volhejn.cz\/kdy-do-duchodu\/","wordCount":214,"articleBody":"Zaj\u00edm\u00e1 v\u00e1s kdy do d\u016fchodu? Tato ot\u00e1zka zaj\u00edm\u00e1 v\u00e1s a dal\u0161\u00edch n\u011bkolik tis\u00edc lid\u00ed, proto\u017ee ka\u017ed\u00fd m\u00e1 v sou\u010dasn\u00e9 dob\u011b plnou hlavu t\u00e9to ot\u00e1zky. Je to t\u00edm, \u017ee je to velice d\u016fle\u017eit\u00e9 t\u00e9ma, na kter\u00e9 pot\u0159ebujete zn\u00e1t odpov\u011bdi mnohem d\u0159\u00edve, ne\u017e se do n\u011bho v\u016fbec pust\u00edte.Poznejte pravdu a nechte si vy\u0159e\u0161it ot\u00e1zku kdy do d\u016fchodu. S n\u00e1mi to p\u016fjde hladce, proto\u017ee my se o v\u0161e postar\u00e1me. Jsou to po\u010dtu a zase jen po\u010dty, a to my v\u00edme, a jsme na to p\u0159ipraven\u00ed. M\u016f\u017eete se proto t\u011b\u0161it na jasn\u00e9 odpov\u011bdi, kter\u00e9 v\u00e1m p\u0159ineseme my a na\u0161e slu\u017eby.Lep\u0161\u00ed nehledejteNa\u0161e slu\u017eby m\u016f\u017ee vyu\u017e\u00edt kdokoliv, kdo ji\u017e v\u00ed, kdy by cht\u011bl j\u00edt do d\u016fchodu. Pot\u00e9 u\u017e sta\u010d\u00ed jen v\u0161e propo\u010d\u00edtat a r\u00e1zem dostanete p\u0159esn\u00e9 odpov\u011bdi. Nev\u00e1hejte, a proto ale vyu\u017eijte na\u0161e slu\u017eby, kter\u00e9 v\u00e1m porad\u00ed s t\u00edm, d\u016fchodov\u00fd v\u011bk, a odpov\u00ed v\u00e1m na ot\u00e1zky, na kter\u00e9 \u010dek\u00e1te.                                                                                                                                                                                                                                                                                                                                                                                                "},{"@context":"https:\/\/schema.org\/","@type":"BreadcrumbList","itemListElement":[{"@type":"ListItem","position":1,"name":"Kdy do d\u016fchodu","item":"https:\/\/www.volhejn.cz\/kdy-do-duchodu\/#breadcrumbitem"}]}]